{"id":841,"date":"2010-07-29T10:18:43","date_gmt":"2010-07-29T10:18:43","guid":{"rendered":"http:\/\/srbird.com\/?p=841"},"modified":"2010-08-13T08:09:38","modified_gmt":"2010-08-13T08:09:38","slug":"cartel-iii-premio-internacional-de-fotografia-ludica","status":"publish","type":"post","link":"http:\/\/srbird.com\/?p=841","title":{"rendered":"Cartel III Premio Internacional de Fotograf\u00eda L\u00fadica"},"content":{"rendered":"<p><a  href=\"http:\/\/srbird.com\/wp-content\/uploads\/2010\/07\/premio_fotoiii.jpg\" rel=\"lightbox\"><img loading=\"lazy\" decoding=\"async\" class=\"alignnone size-full wp-image-843\" title=\"Cartel III Premio Internacional de Fotograf\u00eda L\u00fadica\" src=\"http:\/\/srbird.com\/wp-content\/uploads\/2010\/07\/premio_fotoiii.jpg\" alt=\"premio_fotoiii\" width=\"310\" height=\"434\" srcset=\"http:\/\/srbird.com\/wp-content\/uploads\/2010\/07\/premio_fotoiii.jpg 310w, http:\/\/srbird.com\/wp-content\/uploads\/2010\/07\/premio_fotoiii-214x300.jpg 214w\" sizes=\"(max-width: 310px) 100vw, 310px\" \/><\/a><\/p>\n<p>Cartel III Premio Internacional de Fotograf\u00eda L\u00fadica<br \/>\nCliente: <strong>Asociaci\u00f3n Cultural Jugamos Tod@s<\/strong><\/p>\n<p>La <a href=\"http:\/\/www.jugamostodos.org\" target=\"_blank\">Asociaci\u00f3n Cultural Jugamos Tod@s<\/a> organiza por tercer a\u00f1o consecutivo y con la colaboraci\u00f3n de la tienda online de juegos de mesa <a href=\"http:\/\/www.masqueoca.com\" target=\"_blank\">masqueoca<\/a>, su concurso internacional de fotograf\u00eda l\u00fadica. Para mayor difusi\u00f3n del premio se han realizado versiones del cartel en ingl\u00e9s, franc\u00e9s, alem\u00e1n e italiano que ya aparecen en los mejores blogs de juegos de mesa. Pod\u00e9is consultar las bases del concurso en la p\u00e1gina del <a href=\"http:\/\/www.festivaldejuegoscordoba.es\" target=\"_blank\">Festival Internacional de Juegos de C\u00f3rdoba.<\/a> Esperamos tus fotograf\u00edas!<\/p>\n","protected":false},"excerpt":{"rendered":"<p><img loading=\"lazy\" decoding=\"async\" class=\"alignnone size-full wp-image-842\" title=\"Cartel III Premio Internacional de Fotograf\u00eda L\u00fadica\" src=\"http:\/\/srbird.com\/wp-content\/uploads\/2010\/07\/premiofotoiii_por.jpg\" alt=\"premiofotoiii_por\" width=\"310\" height=\"150\" srcset=\"http:\/\/srbird.com\/wp-content\/uploads\/2010\/07\/premiofotoiii_por.jpg 310w, http:\/\/srbird.com\/wp-content\/uploads\/2010\/07\/premiofotoiii_por-300x145.jpg 300w\" sizes=\"(max-width: 310px) 100vw, 310px\" \/><\/p>\n","protected":false},"author":1,"featured_media":0,"comment_status":"closed","ping_status":"closed","sticky":false,"template":"","format":"standard","meta":{"footnotes":""},"categories":[1],"tags":[163,9,166,116,167,43,41,84],"_links":{"self":[{"href":"http:\/\/srbird.com\/index.php?rest_route=\/wp\/v2\/posts\/841"}],"collection":[{"href":"http:\/\/srbird.com\/index.php?rest_route=\/wp\/v2\/posts"}],"about":[{"href":"http:\/\/srbird.com\/index.php?rest_route=\/wp\/v2\/types\/post"}],"author":[{"embeddable":true,"href":"http:\/\/srbird.com\/index.php?rest_route=\/wp\/v2\/users\/1"}],"replies":[{"embeddable":true,"href":"http:\/\/srbird.com\/index.php?rest_route=%2Fwp%2Fv2%2Fcomments&post=841"}],"version-history":[{"count":7,"href":"http:\/\/srbird.com\/index.php?rest_route=\/wp\/v2\/posts\/841\/revisions"}],"predecessor-version":[{"id":850,"href":"http:\/\/srbird.com\/index.php?rest_route=\/wp\/v2\/posts\/841\/revisions\/850"}],"wp:attachment":[{"href":"http:\/\/srbird.com\/index.php?rest_route=%2Fwp%2Fv2%2Fmedia&parent=841"}],"wp:term":[{"taxonomy":"category","embeddable":true,"href":"http:\/\/srbird.com\/index.php?rest_route=%2Fwp%2Fv2%2Fcategories&post=841"},{"taxonomy":"post_tag","embeddable":true,"href":"http:\/\/srbird.com\/index.php?rest_route=%2Fwp%2Fv2%2Ftags&post=841"}],"curies":[{"name":"wp","href":"https:\/\/api.w.org\/{rel}","templated":true}]}}