{"id":957,"date":"2011-04-10T17:32:24","date_gmt":"2011-04-10T17:32:24","guid":{"rendered":"http:\/\/srbird.com\/?p=957"},"modified":"2011-04-10T17:38:00","modified_gmt":"2011-04-10T17:38:00","slug":"plano-cordoba-city360-primavera-verano-2011","status":"publish","type":"post","link":"http:\/\/srbird.com\/?p=957","title":{"rendered":"Plano C\u00f3rdoba CITY360 Primavera-Verano 2011"},"content":{"rendered":"<p><a rel=\"lightbox\" href=\"http:\/\/srbird.com\/wp-content\/uploads\/2011\/04\/city360cdbpv20111.jpg\"><img loading=\"lazy\" decoding=\"async\" class=\"alignnone size-full wp-image-843\" title=\"Plano C\u00f3rdoba Primavera-Verano 2011\" src=\"http:\/\/srbird.com\/wp-content\/uploads\/2011\/04\/city360cdbpv20111.jpg\" alt=\"Plano C\u00f3rdoba Primavera-Verano 2011\" width=\"434\" height=\"310\"  \/><\/a><\/p>\n<p>Plano C\u00f3rdoba CITY360 Primavera-Verano 2011<br \/>\nCliente: <strong>CITY360<\/strong><\/p>\n<p>Nueva edici\u00f3n completamente renovada del Plano tur\u00edstico de C\u00f3rdoba editado por CITY360 para esta Primavera-Verano 2011, con la colaboraci\u00f3n de Rafael Estefan\u00eda (BBC, Lonely Planet) y Vesna Maric (Lonely Planet), que han elaborado un recorrido por C\u00f3rdoba dividido en tres d\u00edas. <\/p>\n","protected":false},"excerpt":{"rendered":"<p><img loading=\"lazy\" decoding=\"async\" src=\"http:\/\/srbird.com\/wp-content\/uploads\/2011\/04\/city360cdbpv2011.jpg\" alt=\"Plano C\u00f3rdoba Primavera-Verano 2011\" title=\"Plano C\u00f3rdoba Primavera-Verano 2011\" width=\"310\" height=\"150\" class=\"alignnone size-full wp-image-958\" srcset=\"http:\/\/srbird.com\/wp-content\/uploads\/2011\/04\/city360cdbpv2011.jpg 310w, http:\/\/srbird.com\/wp-content\/uploads\/2011\/04\/city360cdbpv2011-300x145.jpg 300w\" sizes=\"(max-width: 310px) 100vw, 310px\" \/><\/p>\n","protected":false},"author":1,"featured_media":0,"comment_status":"open","ping_status":"open","sticky":false,"template":"","format":"standard","meta":{"footnotes":""},"categories":[1],"tags":[158,51,157],"_links":{"self":[{"href":"http:\/\/srbird.com\/index.php?rest_route=\/wp\/v2\/posts\/957"}],"collection":[{"href":"http:\/\/srbird.com\/index.php?rest_route=\/wp\/v2\/posts"}],"about":[{"href":"http:\/\/srbird.com\/index.php?rest_route=\/wp\/v2\/types\/post"}],"author":[{"embeddable":true,"href":"http:\/\/srbird.com\/index.php?rest_route=\/wp\/v2\/users\/1"}],"replies":[{"embeddable":true,"href":"http:\/\/srbird.com\/index.php?rest_route=%2Fwp%2Fv2%2Fcomments&post=957"}],"version-history":[{"count":4,"href":"http:\/\/srbird.com\/index.php?rest_route=\/wp\/v2\/posts\/957\/revisions"}],"predecessor-version":[{"id":964,"href":"http:\/\/srbird.com\/index.php?rest_route=\/wp\/v2\/posts\/957\/revisions\/964"}],"wp:attachment":[{"href":"http:\/\/srbird.com\/index.php?rest_route=%2Fwp%2Fv2%2Fmedia&parent=957"}],"wp:term":[{"taxonomy":"category","embeddable":true,"href":"http:\/\/srbird.com\/index.php?rest_route=%2Fwp%2Fv2%2Fcategories&post=957"},{"taxonomy":"post_tag","embeddable":true,"href":"http:\/\/srbird.com\/index.php?rest_route=%2Fwp%2Fv2%2Ftags&post=957"}],"curies":[{"name":"wp","href":"https:\/\/api.w.org\/{rel}","templated":true}]}}